
{"id":597,"date":"2011-09-17T15:23:48","date_gmt":"2011-09-17T13:23:48","guid":{"rendered":"http:\/\/www.living-lexicon.at\/sudelbuch\/?p=597"},"modified":"2011-09-17T18:14:25","modified_gmt":"2011-09-17T16:14:25","slug":"an-die-finanzministerin-von-osterreich-maria-fekter-ich-fordere-sie-auf-abzutreten","status":"publish","type":"post","link":"https:\/\/www.living-lexicon.at\/sudelbuch\/geschichte\/597\/an-die-finanzministerin-von-osterreich-maria-fekter-ich-fordere-sie-auf-abzutreten\/","title":{"rendered":"An die Finanzministerin von \u00d6sterreich, Maria Fekter: Ich fordere Sie auf, abzutreten!"},"content":{"rendered":"<p>Die derzeitige (Noch- und hoffentlich baldige Ex-) Finanzministerin Maria Fekter entbl\u00f6det sich nicht, die Forderung nach einer verst\u00e4rkten Besteuerung der Verm\u00f6genden mit der Judenverfolgung zu vergleichen (s. diese <a title=\"APA-Meldung: Fekters perfider Vergleich\" href=\"http:\/\/www.apa.at\/site\/News\/Topnews_2\/Kritik_an_Fekter_nach_Judenverfolgung-Vergleich\" target=\"_blank\">APA-Meldung<\/a>).<\/p>\n<p>Da\u00df die \u00d6VP sch\u00fctzend ihre Hand \u00fcber den Geldadel h\u00e4lt, w\u00e4re ja nichts Neues. Das Attribut &#8222;sozial&#8220; nimmt man den einstigen Christlich-Sozialen ohnehin schon lange nicht mehr ab. Wenn diese Partei aber zu der perfiden \u00c4u\u00dferung ihrer Genossin schweigt, ja, sich nicht ausdr\u00fccklich davon distanziert, dann werden auch die letzten Reste der christlichen Fassade niederst\u00fcrzen.<\/p>\n<p>Mehr als eine &#8222;besondere Sorgfalt in der Wahl der Worte&#8220; fordert gem\u00e4\u00df zitierter Meldung aber auch Genosse Faymann nicht, und Genossin Rudas ruft Frau Fekter lediglich zu einer Entschuldigung auf.<\/p>\n<p>Wer jedoch in einem solchen Amt \u00f6ffentlich solche haarstr\u00e4ubend dummen und jeder Grundlage entbehrenden Vergleiche zieht, der kann nicht mit einer Entschuldigung davonkommen. Da\u00df Frau Fekter Feingef\u00fchl vermissen l\u00e4\u00dft, hat diese Aff\u00e4re gezeigt. Wenn sie jetzt blo\u00df &#8222;den Vorwurf einer m\u00f6glichen Verharmlosung der Judenverfolgung entschieden&#8220; zur\u00fcckweist und nicht zur\u00fcck<em>tritt<\/em>, dann beweist sie damit, da\u00df sie nicht nur kein Feingef\u00fchl, sondern auch keinen Anstand besitzt. Und damit hat sie sich erst recht f\u00fcr die Politik disqualifiziert &#8211; auch wenn es aufgrund der politischen Skandale der letzten Jahre scheinen mag, da\u00df heutzutage ein schlechter Charakter bei Personen der Politik eher die Regel als die Ausnahme ist.<\/p>\n","protected":false},"excerpt":{"rendered":"<p>Die derzeitige (Noch- und hoffentlich baldige Ex-) Finanzministerin Maria Fekter entbl\u00f6det sich nicht, die Forderung nach einer verst\u00e4rkten Besteuerung der Verm\u00f6genden mit der Judenverfolgung zu vergleichen (s. diese APA-Meldung). Da\u00df die \u00d6VP sch\u00fctzend ihre Hand \u00fcber den Geldadel h\u00e4lt, w\u00e4re ja nichts Neues. Das Attribut &#8222;sozial&#8220; nimmt man den einstigen Christlich-Sozialen ohnehin schon lange nicht [&hellip;]<\/p>\n","protected":false},"author":1,"featured_media":0,"comment_status":"closed","ping_status":"open","sticky":false,"template":"","format":"standard","meta":{"jetpack_post_was_ever_published":false,"_jetpack_newsletter_access":"","_jetpack_dont_email_post_to_subs":false,"_jetpack_newsletter_tier_id":0,"_jetpack_memberships_contains_paywalled_content":false,"_jetpack_memberships_contains_paid_content":false,"footnotes":"","jetpack_publicize_message":"","jetpack_publicize_feature_enabled":true,"jetpack_social_post_already_shared":false,"jetpack_social_options":{"image_generator_settings":{"template":"highway","default_image_id":0,"font":"","enabled":false},"version":2}},"categories":[24,25,26],"tags":[403,398,400,396,397,404,392,393,395,407,394,760,401,405,406,399,33,402,32],"class_list":["post-597","post","type-post","status-publish","format-standard","hentry","category-geschichte","category-gesellschaft","category-politik","tag-besteuerung","tag-christlich","tag-christlich-sozial","tag-die-grunen","tag-eva-glawischnig","tag-faymann","tag-fekter","tag-finanzministerium","tag-grune","tag-ich-fordere-sie-auf-abzutreten","tag-judenverfolgung","tag-politik","tag-reiche","tag-rote","tag-rucktritt","tag-sozial","tag-spo","tag-vermogenssteuer","tag-ovp"],"jetpack_publicize_connections":[],"jetpack_featured_media_url":"","jetpack_shortlink":"https:\/\/wp.me\/p3Qpk1-9D","jetpack_sharing_enabled":true,"_links":{"self":[{"href":"https:\/\/www.living-lexicon.at\/sudelbuch\/wp-json\/wp\/v2\/posts\/597","targetHints":{"allow":["GET"]}}],"collection":[{"href":"https:\/\/www.living-lexicon.at\/sudelbuch\/wp-json\/wp\/v2\/posts"}],"about":[{"href":"https:\/\/www.living-lexicon.at\/sudelbuch\/wp-json\/wp\/v2\/types\/post"}],"author":[{"embeddable":true,"href":"https:\/\/www.living-lexicon.at\/sudelbuch\/wp-json\/wp\/v2\/users\/1"}],"replies":[{"embeddable":true,"href":"https:\/\/www.living-lexicon.at\/sudelbuch\/wp-json\/wp\/v2\/comments?post=597"}],"version-history":[{"count":21,"href":"https:\/\/www.living-lexicon.at\/sudelbuch\/wp-json\/wp\/v2\/posts\/597\/revisions"}],"predecessor-version":[{"id":617,"href":"https:\/\/www.living-lexicon.at\/sudelbuch\/wp-json\/wp\/v2\/posts\/597\/revisions\/617"}],"wp:attachment":[{"href":"https:\/\/www.living-lexicon.at\/sudelbuch\/wp-json\/wp\/v2\/media?parent=597"}],"wp:term":[{"taxonomy":"category","embeddable":true,"href":"https:\/\/www.living-lexicon.at\/sudelbuch\/wp-json\/wp\/v2\/categories?post=597"},{"taxonomy":"post_tag","embeddable":true,"href":"https:\/\/www.living-lexicon.at\/sudelbuch\/wp-json\/wp\/v2\/tags?post=597"}],"curies":[{"name":"wp","href":"https:\/\/api.w.org\/{rel}","templated":true}]}}